{"id":18070,"date":"2021-05-28T10:01:49","date_gmt":"2021-05-28T07:01:49","guid":{"rendered":"https:\/\/www.dayemedikal.com\/?p=18070"},"modified":"2021-05-28T10:01:49","modified_gmt":"2021-05-28T07:01:49","slug":"cocuklarda-uyku-apnesi-nedir","status":"publish","type":"post","link":"https:\/\/www.dayemedikal.com\/en\/cocuklarda-uyku-apnesi-nedir\/","title":{"rendered":"\u00c7ocuklarda Uyku Apnesi Nedir ?"},"content":{"rendered":"<p><strong>\u00c7ocuklarda<\/strong>\u00a0da g\u00f6r\u00fclen\u00a0<strong>uyku apnesi<\/strong>\u00a0hastal\u0131\u011f\u0131n\u0131n ba\u015fl\u0131ca nedenleri geniz eti b\u00fcy\u00fcmesi,\u00a0<strong>bademcikler<\/strong>, kilo ve anatomik bozukluklard\u0131r. Ayr\u0131ca \u00e7ene yap\u0131s\u0131n\u0131n olmas\u0131 gerekenden daha geride veya daha k\u00fc\u00e7\u00fck yap\u0131da olmas\u0131 ve dilin normal boyutlar\u0131ndan b\u00fcy\u00fck oldu\u011fu \u00e7ocuklarda g\u00f6r\u00fclme olas\u0131l\u0131\u011f\u0131 y\u00fcksektir. Uyku apnesi, yeni do\u011fan bebeklerde bile g\u00f6r\u00fclebilen bir durumdur. Buradaki sebepler ise do\u011fu\u015ftan gelen burun, dil, y\u00fcz ve sinir kas sistemi ile ilgili olan\u00a0<strong>geli\u015fim bozukluklar\u0131<\/strong>ndand\u0131r. Te\u015fhis koyarken, \u00f6ncelikle aileden al\u0131nan bilgiler do\u011frultusunda ilk muayene belirleyicidir. \u00c7ocuklarda uyku esnas\u0131nda a\u015f\u0131r\u0131 ve devaml\u0131 olan\u00a0<strong>horlama<\/strong>, a\u011f\u0131zdan solunum yapma, uykuda kesilmeler, nefes nefese kalmalar, terleme ve idrar ka\u00e7\u0131rma s\u0131kl\u0131kla g\u00f6r\u00fclmektedir. G\u00fcnd\u00fcz g\u00f6r\u00fclen \u015fikayetler ise, a\u011f\u0131z kurulu\u011fu ve kokusu, ba\u015f a\u011fr\u0131s\u0131,\u00a0<strong>a\u011fz\u0131 a\u00e7\u0131k durma<\/strong>, s\u00fcrekli ya\u015fanan burun t\u0131kan\u0131kl\u0131\u011f\u0131, b\u00fcy\u00fck \u00e7ocuklarda g\u00fcnd\u00fczleri uyku hali olmas\u0131, geli\u015fim gerili\u011fi,\u00a0<strong>davran\u0131\u015f bozukluklar\u0131<\/strong>, unutkanl\u0131k, sinirlilik, s\u0131kl\u0131kla a\u011flama krizleri, kavgac\u0131l\u0131k, konsantrasyon kayb\u0131 ve \u00f6\u011frenme zorluklar\u0131 gibi. Bu tip \u015fikayetler \u00e7ocu\u011fun i\u015ftahs\u0131z ve her zaman gergin olmas\u0131na neden olur.<\/p>\n<p>Uyku apnesi olan \u00e7ocuklarda, gece boyunca\u00a0<strong>nefes durmas\u0131<\/strong>\u00a0ataklar\u0131 nedeni ile tansiyon y\u00fckselmeleri, kalbin d\u00fczensiz \u00e7al\u0131\u015fmas\u0131 hatta durmas\u0131 s\u00f6z konusu olabilmektedir. Her nefes durmas\u0131yla beraber, kandaki\u00a0<strong>oksijen<\/strong>\u00a0miktar\u0131 d\u00fc\u015fer ve kalp kan\u0131 pompalamak i\u00e7in daha fazla zorlanmaya ba\u015flar. Beraberinde tansiyon y\u00fckselir ve nefes almaya tekrar ba\u015fland\u0131\u011f\u0131nda bile tansiyon belli bir s\u00fcre y\u00fcksek seyreder. Kalp bazen d\u00fczensiz \u00e7al\u0131\u015f\u0131r hatta bir ka\u00e7 saniyeli\u011fine durabilir. Uykudaki ani \u00f6l\u00fcmlerin baz\u0131lar\u0131ndan bu kalp durmalar\u0131 sorumlu tutulabilir. Bu t\u00fcr nefes durmalar\u0131 gece boyunca say\u0131s\u0131z defa meydana gelebilir.<\/p>\n<p>\u00c7ocuklar, saat olarak yeteri kadar uyumu\u015f olsa bile, uyku apnesi y\u00fcz\u00fcnden sabah yataktan kalkt\u0131\u011f\u0131nda kendisini yorgun ve uykulu hisseder. Gece boyunca s\u00fcrekli a\u011fz\u0131ndan nefes alan ve yeterli \u015fekilde uykusunu alamayan \u00e7ocuklarda, di\u015f ve damak geli\u015fim bozukluklar\u0131,<strong>\u00a0di\u015f \u00e7\u00fcr\u00fckleri<\/strong>, a\u011f\u0131z kokusu, bo\u011faz a\u011fr\u0131s\u0131 ve iltihab\u0131, yutkunma bozukluklar\u0131, y\u00fcz geli\u015fim bozukluklar\u0131, geli\u015fme gerili\u011fi ve b\u00fcy\u00fcmenin yava\u015flamas\u0131 gibi sorunlar kendini g\u00f6sterebilir.<br \/>\n\u00c7ocu\u011fun ailesi taraf\u0131ndan uyku esnas\u0131ndaki hareketleri ve al\u0131nan ses kay\u0131tlar\u0131n\u0131n doktorlar taraf\u0131ndan incelenmesi de hastal\u0131\u011f\u0131 te\u015fhis etmede \u00f6nemli bir de\u011ferlendirme niteli\u011findedir. Sa\u011fl\u0131kl\u0131 tan\u0131 koyabilmek i\u00e7in detayl\u0131 endoskopik KBB muayene ile burun pasaj\u0131n\u0131n, geniz bo\u015flu\u011funu dolduran geniz etinin adenoid dokusunun ve bademciklerin de\u011ferlendirilmesi gerekir. Ancak \u015f\u00fcpheli durumlarda, uyku laboratuvar\u0131nda uyku testi de yapt\u0131r\u0131labilir. Endoskopik muayene y\u00f6ntemleriyle hava yolunun g\u00f6r\u00fcnt\u00fclenmesi, te\u015fhis koyma a\u015famas\u0131nda \u00e7ok \u00f6nemlidir. \u00c7ocuklar\u0131 radyasyona maruz b\u0131rakmamak i\u00e7in film ve tomografi \u00f6ncelikli tercih olmamal\u0131d\u0131r.<\/p>\n<p>Art\u0131k \u00e7a\u011f\u0131m\u0131zda\u00a0<strong>obezite<\/strong>\u00a0sorunu \u00e7ocuk ya\u015flarda g\u00f6r\u00fclmeye ba\u015flad\u0131\u011f\u0131 i\u00e7in, kilo sorunu olan \u00e7ocuklar ayr\u0131ca de\u011ferlendirilmelidir. Bebekler (yani 1 ya\u015f\u0131n alt\u0131ndaki \u00e7ocuklarda) muayene edilirken daha \u00f6zenli davran\u0131lmal\u0131d\u0131r. Yumu\u015fak yap\u0131l\u0131 endoskoplar ya da ince bebek endoskoplar\u0131 ile muayene yapmak gerekmektedir ve t\u00fcm solunum yollar\u0131 incelenmelidir. Bebeklerde g\u00f6r\u00fclen uyku apnesi, geli\u015fme eksikli\u011fine ba\u011fl\u0131 olarak g\u0131rtla\u011f\u0131n ve solunum sisteminin yeterli olarak olu\u015fmamas\u0131 gibi sorunlardan kaynaklanmaktad\u0131r. Bunlar\u0131n y\u00fczde 95\u2032 i bir y\u0131l i\u00e7inde, bebe\u011fin geli\u015fimini yeterli derecede tamamlamas\u0131yla ge\u00e7mektedir. Ancak k\u00fc\u00e7\u00fck bir grup, hayati tehlike olu\u015fturabilecek boyuttad\u0131r. Bu gruptaki bebekler, daha do\u011fduklar\u0131 d\u00f6nemde sorun ya\u015famaya ba\u015flarlar. Ayr\u0131ca uyku apnesi haricinde normal nefes almada da s\u0131k\u0131nt\u0131lar\u0131 vard\u0131r. Bu durumda bebe\u011fe cerrahi ya da t\u0131bbi m\u00fcdahale gerekebilir. Bebe\u011fin, do\u011fumda olu\u015fan de\u011fi\u015fik anomalilerden dolay\u0131 k\u00fc\u00e7\u00fck \u00e7eneli olma gibi anatomik nedenlerle dili arkaya ka\u00e7abilir ve bu da uyku apne sendromuna neden olabilmektedir.<\/p>\n<p>\u00c7ocuklarda uyku apnesi hastal\u0131\u011f\u0131; b\u00fcy\u00fcme ve geli\u015fme gerili\u011finden ba\u015flay\u0131p, s\u0131k s\u0131k \u00fcst solunum yolu enfeksiyonlar\u0131na, hiperaktivite bozuklu\u011fundan okuldaki ba\u015far\u0131s\u0131zl\u0131\u011f\u0131na kadar pek \u00e7ok soruna sebep olmaktad\u0131r. T\u0131kay\u0131c\u0131 uyku apne hastal\u0131\u011f\u0131n\u0131n okul \u00f6ncesinde tedavi edilmesi ise olduk\u00e7a \u00f6nemlidir. \u00c7\u00fcnk\u00fc tedavi edilmeyen \u00e7ocuklarda ya\u015fam kalitesiyle birlikte okul ba\u015far\u0131s\u0131 da olumsuz y\u00f6nde etkilenmektedir.<\/p>\n<p>\u00c7ocuklarda, nedene y\u00f6nelik olarak uyku apnesinin sebebi tam olarak ortaya konduktan sonra, hangi \u015fekilde tedavi yap\u0131laca\u011f\u0131 planlanmal\u0131d\u0131r. Burun, geniz ve bo\u011fazdaki enfeksiyon hastal\u0131klar\u0131 ve alerjik hastal\u0131klarda, \u00f6ncelikle ila\u00e7 tedavisi uygulan\u0131r. Unutulmamas\u0131 gereken alerjinin de burun t\u0131kan\u0131kl\u0131\u011f\u0131na yol a\u00e7\u0131p, apneye sebep olabilece\u011fidir. \u015ei\u015fman \u00e7ocuklarda kilo sorununu \u00e7\u00f6zmeye y\u00f6nelik tedaviler ba\u015flat\u0131l\u0131r. Ancak ileri geniz eti b\u00fcy\u00fcmesi, bademciklerin a\u015f\u0131r\u0131 b\u00fcy\u00fckl\u00fc\u011f\u00fc gibi durumlarda, ameliyat en k\u0131sa ve kesin tedavi y\u00f6ntemidir. Bademciklerin a\u015f\u0131r\u0131 iltihapl\u0131 olmad\u0131\u011f\u0131 ancak b\u00fcy\u00fck oldu\u011fu durumlarda, bademci\u011fin t\u00fcm\u00fcyle al\u0131nmas\u0131 yerine lazerle k\u00fc\u00e7\u00fclt\u00fclmesi de tercih edilmelidir. \u00c7ocuklardaki uyku apnelerinde daha \u00e7ok burun t\u0131kan\u0131kl\u0131\u011f\u0131na neden olan geniz eti ve bademciklere y\u00f6nelik ameliyatlar yap\u0131lmaktad\u0131r. B\u00fcy\u00fcklerde ise daha \u00e7ok damak,\u00a0<strong>k\u00fc\u00e7\u00fck dil<\/strong>, dil k\u00f6k\u00fc ve yutak k\u0131s\u0131mlar\u0131na y\u00f6nelik operasyonlar yap\u0131lmaktad\u0131r. \u00c7ocuk ameliyatlar\u0131n\u0131n tamam\u0131na yak\u0131n\u0131, \u00e7ocuklar\u0131n korku duymamas\u0131, bir \u015fey g\u00f6rmemesi ve hissetmemesi i\u00e7in genel anestezi alt\u0131nda yap\u0131l\u0131r. \u00c7ocukluk \u00e7a\u011f\u0131 apnelerinde, baz\u0131 \u00f6zel do\u011fumsal anomaliler d\u0131\u015f\u0131nda y\u00fczde 100\u2019e yak\u0131n ba\u015far\u0131 sa\u011flan\u0131r. \u00c7ocuklarda ileri boyuttaki apne rahats\u0131zl\u0131klar\u0131nda,\u00a0<strong>Uyku apnesi cihazlar\u0131<\/strong>\u00a0ile tedavi yap\u0131lmas\u0131 da m\u00fcmk\u00fcnd\u00fcr.<\/p>","protected":false},"excerpt":{"rendered":"<p>\u00c7ocuklarda\u00a0da g\u00f6r\u00fclen\u00a0uyku apnesi\u00a0hastal\u0131\u011f\u0131n\u0131n ba\u015fl\u0131ca nedenleri geniz eti b\u00fcy\u00fcmesi,\u00a0bademcikler, kilo ve anatomik bozukluklard\u0131r.<\/p>","protected":false},"author":1,"featured_media":18071,"comment_status":"open","ping_status":"open","sticky":false,"template":"","format":"standard","meta":{"footnotes":""},"categories":[1],"tags":[],"class_list":["post-18070","post","type-post","status-publish","format-standard","has-post-thumbnail","hentry","category-blog"],"_links":{"self":[{"href":"https:\/\/www.dayemedikal.com\/en\/wp-json\/wp\/v2\/posts\/18070"}],"collection":[{"href":"https:\/\/www.dayemedikal.com\/en\/wp-json\/wp\/v2\/posts"}],"about":[{"href":"https:\/\/www.dayemedikal.com\/en\/wp-json\/wp\/v2\/types\/post"}],"author":[{"embeddable":true,"href":"https:\/\/www.dayemedikal.com\/en\/wp-json\/wp\/v2\/users\/1"}],"replies":[{"embeddable":true,"href":"https:\/\/www.dayemedikal.com\/en\/wp-json\/wp\/v2\/comments?post=18070"}],"version-history":[{"count":0,"href":"https:\/\/www.dayemedikal.com\/en\/wp-json\/wp\/v2\/posts\/18070\/revisions"}],"wp:featuredmedia":[{"embeddable":true,"href":"https:\/\/www.dayemedikal.com\/en\/wp-json\/wp\/v2\/media\/18071"}],"wp:attachment":[{"href":"https:\/\/www.dayemedikal.com\/en\/wp-json\/wp\/v2\/media?parent=18070"}],"wp:term":[{"taxonomy":"category","embeddable":true,"href":"https:\/\/www.dayemedikal.com\/en\/wp-json\/wp\/v2\/categories?post=18070"},{"taxonomy":"post_tag","embeddable":true,"href":"https:\/\/www.dayemedikal.com\/en\/wp-json\/wp\/v2\/tags?post=18070"}],"curies":[{"name":"wp","href":"https:\/\/api.w.org\/{rel}","templated":true}]}}