{"id":18079,"date":"2021-05-28T10:15:15","date_gmt":"2021-05-28T07:15:15","guid":{"rendered":"https:\/\/www.dayemedikal.com\/?p=18079"},"modified":"2021-05-28T10:15:15","modified_gmt":"2021-05-28T07:15:15","slug":"pap-pozitif-hava-yolu-basinci-tedavisi-nedir","status":"publish","type":"post","link":"https:\/\/www.dayemedikal.com\/en\/pap-pozitif-hava-yolu-basinci-tedavisi-nedir\/","title":{"rendered":"PAP (Pozitif Hava Yolu Bas\u0131nc\u0131) Tedavisi Nedir ?"},"content":{"rendered":"<p>PAP (pozitif hava yolu bas\u0131nc\u0131) tedavisi;\u00a0<strong>uyku apnesi<\/strong>\u00a0te\u015fhis konmu\u015f ki\u015filerde kullan\u0131lan standart ve mekanik bir \u00e7\u00f6z\u00fcm sunmakla birlikte geli\u015ftirilmi\u015f olan en iyi tedavi y\u00f6ntemidir. Pap grubu cihazlar\u0131n\u0131n \u00e7al\u0131\u015fma sistemi; uykuda \u00fcst hava yolunu s\u00fcrekli a\u00e7\u0131k tutacak \u015fekilde bas\u0131n\u00e7l\u0131 hava \u00fcfleyerek, solunumu ve uyku kalitesini d\u00fczene sokacak \u015fekildedir. Dolay\u0131s\u0131yla hasta cihaz\u0131 ancak her g\u00fcn d\u00fczenli \u015fekilde kullan\u0131rsa faydas\u0131n\u0131 g\u00f6recektir.<\/p>\n<p><strong>Pap grubu<\/strong>\u00a0cihazlar elektri\u011fe tak\u0131larak, ara ba\u011flant\u0131 hortumu ve\u00a0<strong>maske aksesuarlar\u0131<\/strong>\u00a0ile birlikte kullan\u0131lmaktad\u0131r. Bu aksesuarlar uygulanacak olan tedavi bas\u0131nc\u0131n\u0131n hastaya iletilmesi i\u00e7in gereklidir. Maskenin \u00f6zellikleri, konforu ve bi\u00e7imi do\u011fru tedavinin uygulamas\u0131 a\u00e7\u0131s\u0131ndan en az cihaz kadar \u00f6nemli bir yere sahiptir. Yaln\u0131zca burun ya da hem burun hem a\u011fz\u0131 da kapsayan t\u00fcrleri vard\u0131r. Y\u00fcze temas eden k\u0131s\u0131mlar\u0131 m\u00fcmk\u00fcn olan en kibar, yumu\u015fak, hastan\u0131n burun ve y\u00fcz yap\u0131s\u0131na uygun ve sade yap\u0131da olmal\u0131d\u0131r. Ayr\u0131ca bir di\u011fer konfor g\u00f6stergesi; Pap cihazlar\u0131nda bulunan \u0131s\u0131t\u0131c\u0131 nemlendirici \u00fcnitesidir. S\u00fcrekli hava veren konumda \u00e7al\u0131\u015fan cihaz\u0131n, hastan\u0131n \u00fcst hava yolundaki yumu\u015fak dokularda kuruma meydana gelmesini engellemek i\u00e7in tercih edilmelidir.<\/p>\n<p>Uyku apnesi hastal\u0131\u011f\u0131nda ameliyat, ila\u00e7 tedavisi ya da aparatlar ile tedavi y\u00f6ntemleri tavsiye edilmemektedir. Hastal\u0131\u011f\u0131n seviyesi ne olursa olsun tedavide hastan\u0131n dikkat etmesi gereken \u00f6ncelikli baz\u0131 durumlar vard\u0131r. Bunlar;\u00a0<strong>kilo verme<\/strong>, yat\u0131\u015f pozisyonu, alkol kullan\u0131m\u0131ndan sak\u0131nma, yan hastal\u0131klar\u0131n tedavi edilmesi gibidir.<br \/>\nDi\u011fer bir a\u015fama Kulak Burun Bo\u011faz Hastal\u0131klar\u0131 b\u00f6l\u00fcm\u00fcne muayene olarak, \u00fcst solunum yollar\u0131nda daralmaya yol a\u00e7an herhangi bir durum olup olmad\u0131\u011f\u0131n\u0131n tespit edilmesidir.<\/p>\n<p>Total\u00a0<strong>AHI de\u011feri<\/strong>\u00a0toplam\u0131 orta veya a\u011f\u0131r dereceli olgularda sabit bas\u0131n\u00e7l\u0131 cihazlar (CPAP) kullan\u0131labilmektedir. Hastan\u0131n bu cihazlara uyum sa\u011flayamad\u0131\u011f\u0131 g\u00f6zlemlenirse farkl\u0131 cihazlar ile tedavi se\u00e7ene\u011fi tekrar de\u011ferlendirilmektedir. Pozisyona veya\u00a0<strong>REM<\/strong>\u2018e ba\u011fl\u0131 olgular\u0131n kendini g\u00f6stermesi durumunda hastaya gereksiz yere bas\u0131n\u00e7 vermemek i\u00e7in APAP (Otomatik Cpap Cihaz\u0131) tedavisi tavsiye edilmektedir. Bu da cihaz\u0131n, hastan\u0131n ihtiyac\u0131 oldu\u011fu zaman gereken kadar bas\u0131n\u00e7 verece\u011fi anlam\u0131na gelmektedir.<\/p>\n<p><strong>BiPAP<\/strong>\u00a0grubu cihazlar ise iki farkl\u0131 seviyede bas\u0131n\u00e7 de\u011feri girilebilen cihazlard\u0131r.\u00a0<strong>CPAP<\/strong>\u00a0veya\u00a0<strong>APAP<\/strong>\u00a0cihaz\u0131na uyum sa\u011flayamayan hastalar, uyku apnesi yan\u0131nda ilave olarak bir de ast\u0131m veya\u00a0<strong>Koah<\/strong>\u00a0gibi akci\u011fer hastal\u0131\u011f\u0131 varsa nefes alma ve nefes verme de gerekli bas\u0131n\u00e7lar ayr\u0131 ayr\u0131 ayarlanarak hastaya uygulanmaktad\u0131r. Bu durumdaki hastalar i\u00e7in ayarlanan cihazlarda; ekspiryum (nefes verme) bas\u0131nc\u0131, inspiryum (nefes alma) bas\u0131nc\u0131na g\u00f6re daha d\u00fc\u015f\u00fckt\u00fcr.<\/p>","protected":false},"excerpt":{"rendered":"<p>PAP (pozitif hava yolu bas\u0131nc\u0131) tedavisi;\u00a0uyku apnesi\u00a0te\u015fhis konmu\u015f ki\u015filerde kullan\u0131lan standart ve mekanik bir \u00e7\u00f6z\u00fcm sunmakla birlikte geli\u015ftirilmi\u015f olan en iyi tedavi y\u00f6ntemidir.<\/p>","protected":false},"author":1,"featured_media":18080,"comment_status":"open","ping_status":"open","sticky":false,"template":"","format":"standard","meta":{"footnotes":""},"categories":[1],"tags":[],"class_list":["post-18079","post","type-post","status-publish","format-standard","has-post-thumbnail","hentry","category-blog"],"_links":{"self":[{"href":"https:\/\/www.dayemedikal.com\/en\/wp-json\/wp\/v2\/posts\/18079"}],"collection":[{"href":"https:\/\/www.dayemedikal.com\/en\/wp-json\/wp\/v2\/posts"}],"about":[{"href":"https:\/\/www.dayemedikal.com\/en\/wp-json\/wp\/v2\/types\/post"}],"author":[{"embeddable":true,"href":"https:\/\/www.dayemedikal.com\/en\/wp-json\/wp\/v2\/users\/1"}],"replies":[{"embeddable":true,"href":"https:\/\/www.dayemedikal.com\/en\/wp-json\/wp\/v2\/comments?post=18079"}],"version-history":[{"count":0,"href":"https:\/\/www.dayemedikal.com\/en\/wp-json\/wp\/v2\/posts\/18079\/revisions"}],"wp:featuredmedia":[{"embeddable":true,"href":"https:\/\/www.dayemedikal.com\/en\/wp-json\/wp\/v2\/media\/18080"}],"wp:attachment":[{"href":"https:\/\/www.dayemedikal.com\/en\/wp-json\/wp\/v2\/media?parent=18079"}],"wp:term":[{"taxonomy":"category","embeddable":true,"href":"https:\/\/www.dayemedikal.com\/en\/wp-json\/wp\/v2\/categories?post=18079"},{"taxonomy":"post_tag","embeddable":true,"href":"https:\/\/www.dayemedikal.com\/en\/wp-json\/wp\/v2\/tags?post=18079"}],"curies":[{"name":"wp","href":"https:\/\/api.w.org\/{rel}","templated":true}]}}